{"id":313,"date":"2020-04-25T02:33:28","date_gmt":"2020-04-25T02:33:28","guid":{"rendered":"http:\/\/centauriweb.hu\/darksite\/?page_id=313"},"modified":"2023-02-20T22:52:50","modified_gmt":"2023-02-20T22:52:50","slug":"gyilkossag-vagy-baleset","status":"publish","type":"post","link":"https:\/\/centauriweb.hu\/darksite\/gyilkossag-vagy-baleset\/","title":{"rendered":"Gyilkoss\u00e1g vagy baleset?"},"content":{"rendered":"<blockquote>\n<h5 style=\"text-align: left;\">De az \u00e9let m\u00e1r csak ilyen, nem a d\u00e1nokkal babr\u00e1l ki, hanem mindig a sv\u00e9dekkel. A sv\u00e9dek k\u00f6z\u00fcl is csak a malm\u00f6iekkel, a malm\u00f6iek k\u00f6z\u00fcl is csak az apr\u00f3 szalonok dolgoz\u00f3ival, mint amilyenek az Aphrodit\u00e9-fodr\u00e1szszalon alkalmazottai, s ott is egyed\u00fcl azzal, aki legkev\u00e9sb\u00e9 szolg\u00e1l r\u00e1, vagyis egyes-egyed\u00fcl \u00e9s kiz\u00e1r\u00f3lag szeg\u00e9ny Svennel.<\/h5>\n<\/blockquote>\n<p style=\"text-align: right;\">EGY GYILKOSS\u00c1G T\u00d6RT\u00c9NETE\u00a0(<a href=\"http:\/\/www.prae.hu\/prae\/journals.php?menu_id=39&amp;jid=89&amp;jaid=459\" target=\"_blank\" rel=\"noopener noreferrer\">PRAE.HU<\/a>)<\/p>\n<p><a href=\"https:\/\/centauriweb.hu\/wp-content\/uploads\/2014\/11\/scissors_247264k.jpg\"><img decoding=\"async\" loading=\"lazy\" class=\"alignleft wp-image-1259\" src=\"https:\/\/centauriweb.hu\/wp-content\/uploads\/2014\/11\/scissors_247264k.jpg\" sizes=\"(max-width: 352px) 100vw, 352px\" srcset=\"https:\/\/centauriweb.hu\/wp-content\/uploads\/2014\/11\/scissors_247264k.jpg 580w, https:\/\/centauriweb.hu\/wp-content\/uploads\/2014\/11\/scissors_247264k-300x199.jpg 300w, https:\/\/centauriweb.hu\/wp-content\/uploads\/2014\/11\/scissors_247264k-225x150.jpg 225w, https:\/\/centauriweb.hu\/wp-content\/uploads\/2014\/11\/scissors_247264k-150x99.jpg 150w\" alt=\"Centauri Oll\u00f3 \u00e9s cella Magvet\u0151 Kiad\u00f3 J\u00e9gv\u00e1g\u00f3 K\u00e9k angyal Centauri k\u00f6nyvei irodalom reg\u00e9ny novella GYILKOSS\u00c1G\" width=\"352\" height=\"234\" data-jpibfi-src=\"https:\/\/centauriweb.hu\/wp-content\/uploads\/2014\/11\/scissors_247264k.jpg\" data-jpibfi-post-title=\"Gyilkoss\u00e1g vagy baleset? OLL\u00d3 \u00c9S CELLA\" data-jpibfi-post-url=\"https:\/\/centauriweb.hu\/novellak\/villamnovellak\/ollo-es-cella\/\" data-jpibfi-post-excerpt=\"\" \/><\/a>Nemigen fordul el\u0151, legal\u00e1bbis viszonylag ritka eset, hogy egy fodr\u00e1sz olyan szerencs\u00e9tlen\u00fcl botoljon meg, hogy az oll\u00f3 a kuncsaft gy\u00f6ny\u00f6r\u0171 tark\u00f3j\u00e1ba, pontosabban a nyakszirtj\u00e9be f\u00far\u00f3djon, m\u00e9ghozz\u00e1 p\u00e1ratlan szakszer\u0171s\u00e9ggel. Egyetlen d\u00f6f\u00e9ssel v\u00e1gja \u00e1t a l\u00e9tfontoss\u00e1g\u00fa idegp\u00e1ly\u00e1kat. Eg\u00e9szen kiv\u00e9teles eset, ha a fodr\u00e1sz olyan er\u0151vel botlik el, hogy a vastag oll\u00f3 \u00e1tf\u00farja a csigoly\u00e1kat, vagy \u00e1tszak\u00edtja a csigoly\u00e1k k\u00f6z\u00f6tti rendk\u00edv\u00fcl keskeny r\u00e9s kem\u00e9ny porcait. Ahhoz, hogy mindez megessen, voltak\u00e9pp nem szerencse vagy pech kell \u2013 olt\u00e1ri nagy pech \u2013, hanem k\u00e9t m\u00e1sik dolog: szak\u00e9rtelem \u00e9s er\u0151. Persze csak akkor fogalmazhatunk \u00edgy, ha sz\u00e1nd\u00e9koss\u00e1got v\u00e9lelmez\u00fcnk, amint az, ilyen esetben jogos lehet, mivel a hal\u00e1los kimenetel\u0171, v\u00e9letlenszer\u0171 d\u00f6f\u00e9s eshet\u0151s\u00e9ge szinte nulla. A sz\u00e1nd\u00e9koss\u00e1gon \u00e9s a fat\u00e1lis v\u00e9letlenen t\u00fal k\u00edn\u00e1lkozik egy harmadik te\u00f3ria is, amelyben voltak\u00e9pp az el\u0151z\u0151 kett\u0151 \u00f6tv\u00f6z\u0151dik.<\/p>\n<p>Sven \u2013 a falsterboo-i sz\u00fclet\u00e9s\u0171 n\u0151i fodr\u00e1sz \u2013 ezt a harmadik lehet\u0151s\u00e9get tartotta a legval\u00f3sz\u00edn\u0171bbnek, s arra gondolt: tudat alatt nyilv\u00e1n a n\u0151 hal\u00e1l\u00e1t k\u00edv\u00e1nta, s b\u00e1r a tudata nem akarta \u2013 hisz nem akarhatta, hogy egy vacak fodr\u00e1szoll\u00f3val, \u00fclt\u00e9ben, h\u00e1tulr\u00f3l d\u00f6fje le \u2013, valamif\u00e9le gonosz, vad, \u00e9s alantas \u00e9n m\u00e9gis \u00fagy int\u00e9zte a dolgokat, hogy megbotoljon a hajsz\u00e1r\u00edt\u00f3 zsin\u00f3rj\u00e1ban. M\u00e1s k\u00e9rd\u00e9s, hogy Sven sokszor k\u00fcl\u00f6nb\u00f6z\u00f6tt \u00f6ssze a malm\u00f6i szalon t\u00f6bbi fodr\u00e1sz\u00e1val, kimondottan k\u00e9nyszeresnek tartott\u00e1k, mivel \u00e1lland\u00f3an takar\u00edtott, \u00e9s \u00e9vekig tart\u00f3 perleked\u00e9sben \u00e1llt a koll\u00e9g\u00e1ival, nemcsak a hajsz\u00e1r\u00edt\u00f3zsin\u00f3rok, hanem az el\u0151l hagyott borotv\u00e1k, szemeteslap\u00e1tok, falnak t\u00e1masztott partvisok miatt is, s mindig \u2013 \u00e1rulkod\u00f3 jel! \u2013\u00a0<i>mindig<\/i>\u00a0balesetvesz\u00e9lyre hivatkozott, mintha nem is fodr\u00e1sz lenne, hanem a biztons\u00e1gi el\u0151\u00edr\u00e1sok betart\u00e1s\u00e1t folyton ellen\u0151rz\u0151 k\u00fcls\u0151 megfigyel\u0151. Erre mondhatn\u00e1nk, hogy akadnak olyan emberek, akik val\u00f3ban k\u00e9nyszeresek, s vannak olyanok, akik valamik\u00e9nt sejtik a j\u00f6v\u0151t, \u00e9s egy-egy l\u00e1b alatt tekerg\u0151 zsin\u00f3rban vagy kint felejtett lap\u00e1tban felismerik a k\u00f6zeli trag\u00e9dia el\u0151jel\u00e9t. Meg\u00e1llap\u00edthatn\u00e1nk azt is, hogy az \u00e9let ism\u00e9t igazs\u00e1gtalan volt. Tragikomikus, hisz \u00e9pp azt b\u00fcnteti, aki a leg\u00f3vatosabb, aki a legkev\u00e9sb\u00e9 tehet\u0151 felel\u0151ss\u00e9 az\u00e9rt, mert a malm\u00f6i fodr\u00e1szatban rendszeresen h\u00fazt\u00e1k \u00e1t a vezet\u00e9keket a sz\u00e9kek m\u00f6g\u00f6tt. Jellemz\u0151nek gondolhatjuk, hogy \u00e9pp az botlott el benne, aki mindig a kuncsaft l\u00e1ba el\u00e9 igaz\u00edtotta nemcsak a saj\u00e1t zsin\u00f3rj\u00e1t, hanem a t\u00f6bbiek\u00e9t is. Mondhatn\u00e1nk: igen, az \u00e9let m\u00e1r csak ilyen, igazs\u00e1gtalan, \u00e9s nem azokra s\u00fajt le, akikre kellene, \u00e9s mindig a j\u00f3indulat\u00fa, j\u00e1mbor \u00e9s igyekv\u0151 n\u0151i fodr\u00e1szokat b\u00fcnteti, f\u0151k\u00e9nt Malm\u0151ben a sv\u00e9d fodr\u00e1szokat, noha sokkal ink\u00e1bb b\u00fcntethetn\u00e9 a szoros t\u00faloldal\u00e1n a hanyag \u00e9s moh\u00f3, koppenh\u00e1gai fodr\u00e1szokat. De az \u00e9let m\u00e1r csak ilyen, nem a d\u00e1nokkal babr\u00e1l ki, hanem mindig a sv\u00e9dekkel. A sv\u00e9dek k\u00f6z\u00fcl is csak a malm\u00f6iekkel, a malm\u00f6iek k\u00f6z\u00fcl is csak az apr\u00f3 szalonok dolgoz\u00f3ival, mint amilyenek az Aphrodit\u00e9-fodr\u00e1szszalon alkalmazottai, s ott is egyed\u00fcl azzal, aki legkev\u00e9sb\u00e9 szolg\u00e1l r\u00e1, vagyis egyes-egyed\u00fcl \u00e9s kiz\u00e1r\u00f3lag szeg\u00e9ny Svennel.<\/p>\n<p>Mindez term\u00e9szetesen Sven fej\u00e9ben is megfordult, \u00e1m meglep\u0151 gyorsas\u00e1ggal k\u00f6t\u00f6tt ki ann\u00e1l a te\u00f3ri\u00e1n\u00e1l, hogy beteges rendszeretete, \u00f3vatoss\u00e1ga, a keresztben hagyott zsin\u00f3rokt\u00f3l val\u00f3 \u00e1lland\u00f3 \u00e9s beteges viszolyg\u00e1sa azt jelezte: mindig is tartott att\u00f3l, hogy \u201eegy sz\u00e9p napon\u201d \u00e9pp\u00a0<i>az<\/i>\u00a0a n\u0151 \u00e9rkezik a szalonba.<\/p>\n<p>Sz\u00f6rny\u0171, de fel kell tenni a k\u00e9rd\u00e9st: mennyi a val\u00f3sz\u00edn\u0171s\u00e9ge annak, hogy egy Sven nevezet\u0171, betegesen akkur\u00e1tus malm\u00f6i fodr\u00e1sz \u00e9pp akkor botoljon meg a fent le\u00edrt, eg\u00e9szen val\u00f3sz\u00edn\u0171tlen m\u00f3don, amikor \u00e9pp egy ismer\u0151s n\u0151 haj\u00e1t k\u00e9sz\u00edti el\u0151 mel\u00edroz\u00e1sra? Nulla. Vagy ann\u00e1l is kevesebb. Ezt Sven is hamar bel\u00e1tta.<\/p>\n<p>Mert Sven rendk\u00edv\u00fcl alapos ember volt, \u00e9s minden l\u00e1tszat ellen\u00e9re is rendk\u00edv\u00fcl gyors. Az oll\u00f3t egy pillanatra sem engedte el, \u00e9s amikor valamif\u00e9le gyermeki csod\u00e1lkoz\u00e1ssal, lass\u00fa mozdulattal kih\u00fazta a n\u0151 nyakszirtj\u00e9b\u0151l, teljes m\u00e9rt\u00e9kben \u00e1tgondolt mindent. Vill\u00e1mgyorsan. Pontosan tudta, hogy ellene dolgozik \u00e9s tan\u00faskodik minden. Ezredm\u00e1sodpercek alatt esett \u00e1t a harag, a k\u00e9ts\u00e9gbees\u00e9s, \u00e9s a f\u00e9lelem st\u00e1ci\u00f3in, s mindebb\u0151l, ilyen r\u00f6vid id\u0151 alatt, a t\u00f6bbiek semmit sem \u00e9rz\u00e9kelhettek. Csak annyit l\u00e1ttak, hogy mire Sven a pultra tette a v\u00e9res oll\u00f3t, megnyugodott. Val\u00f3j\u00e1ban belet\u00f6r\u0151d\u00f6tt, hogy ez az \u0151 form\u00e1ja, ez a sorsa, nincs mit tenni, s k\u00e1r is volna kap\u00e1l\u00f3zni. Ritk\u00e1n, de megesik az is, hogy k\u00e9t m\u00e1sodperc alatt j\u00e1tsz\u00f3dik le benn\u00fcnk minden, k\u00e9t m\u00e1sodperc alatt l\u00e1tjuk \u00e1t minden es\u00e9ly\u00fcnket vagy es\u00e9lytelens\u00e9g\u00fcnket, amint Sven azon a napon. Ha ennek a viharos k\u00e9t m\u00e1sodpercnek v\u00e9ge, nem tesz\u00fcnk m\u00e1r semmit. Megnyugszunk. Sven r\u00e9m\u00fclete akkor \u00e9rte el cs\u00facspontj\u00e1t, amikor \u00e9rezte, hogy elakad a l\u00e1ba valamiben. Tudta: ez Knudsen hajsz\u00e1r\u00edt\u00f3zsin\u00f3rja. Nem lehet semmi m\u00e1s. Sejtette, mi t\u00f6rt\u00e9nik majd. Nem akarta, \u00f6nk\u00e9ntelen\u00fcl is igyekezett t\u00e1vol esni a n\u0151t\u0151l, m\u00e9gis \u00e9rezte: az oll\u00f3 eltal\u00e1lja majd. Hi\u00e1ba ford\u00edtja a csukl\u00f3j\u00e1t, hi\u00e1ba ford\u00edtja \u00fagy, hogy ink\u00e1bb \u00f6nmag\u00e1t sz\u00farja mellbe, ez nem fog siker\u00fclni m\u00e1r, t\u00fal kicsi a t\u00e9r, t\u00fal kev\u00e9s az id\u0151, \u00e9s ez van meg\u00edrva valahol. \u00c9s mire az oll\u00f3t kih\u00fazta, lemondott mindenr\u0151l, \u00e1tadta mag\u00e1t a f\u00e1tumnak, \u00e9s ha egyszer valaki \u00e1tadja mag\u00e1t a v\u00e9gzetnek, nem \u00e9rez m\u00e1r semmit. Sven sem \u00e9rzett semmit, de nem az\u00e9rt, mert hidegv\u00e9r\u0171 volt, amint azt a t\u00f6bbiek gondolt\u00e1k, \u00e9s k\u00e9s\u0151bb vallott\u00e1k is, hanem mert nem volt m\u00e1r mit \u00e9reznie. R\u00e1ad\u00e1sul az a lass\u00fa mozdulat nagyon is illett Svenhez, az \u0151 k\u00f6zismert \u00e9s ideges\u00edt\u0151 akkur\u00e1tuss\u00e1g\u00e1hoz. K\u00e9s\u0151bb n\u00e9h\u00e1nyan nemcsak ezt a mozdulatot l\u00e1tt\u00e1k k\u00edm\u00e9letlennek, hanem azt is, amikor sz\u00fart. De a sz\u00far\u00e1s, pontosabban a d\u00f6f\u00e9s val\u00f3j\u00e1ban vill\u00e1mgyors \u00e9s v\u00e9letlenszer\u0171 volt. K\u00edm\u00e9letlennek pedig csakis azt mondhatjuk, amit a tehetetlen\u00fcl zuhan\u00f3 Sven abban a k\u00e9t m\u00e1sodpercben \u00e9rzett.<\/p>\n<p>T\u00f6bbek k\u00f6z\u00f6tt azt, hogy hi\u00e1baval\u00f3 a pontoss\u00e1g, a megtervezetts\u00e9g, az eg\u00e9sz \u00e9let\u00e9t ir\u00e1ny\u00edt\u00f3 kitart\u00e1s, akarat, \u00e9s precizit\u00e1s, mindez t\u00f6k\u00e9letesen \u00e9rtelmetlen, hisz van valamif\u00e9le fels\u0151bb, d\u00e9moni hatalom, ami lerombolhat mindent \u2013 k\u00e9t m\u00e1sodperc alatt.<\/p>\n<p>\u00c1t\u00e9lte ezt m\u00e1r egyszer a bonsai-okkal kapcsolatosan. Sven ugyanis egyetlen szenved\u00e9lynek h\u00f3dolt kamaszkora \u00f3ta: bonsai-okat nevelt. Apr\u00f3, egzotikusan tekerg\u0151, fest\u0151i sz\u00e9ps\u00e9ggel \u00f6reged\u0151 f\u00e1csk\u00e1kat. \u00c9let\u00e9ben egyszer hagyta el Skandin\u00e1vi\u00e1t, akkor is Jap\u00e1nba ment. Legal\u00e1bb ezer k\u00f3cos fejet rakott rendbe, mire \u00f6sszegy\u0171lt az \u00fatraval\u00f3 p\u00e9nz, s el\u00e9rte, hogy a legnevesebb jap\u00e1n bonsai-mestern\u00e9l tanulhasson n\u00e9h\u00e1ny h\u00e9tig. K\u00f6zt\u00fcnk sz\u00f3lva, Sven val\u00f3di hivat\u00e1sa ezt volt, s ebben rendk\u00edv\u00fclit alkotott. L\u00e1tta ezt a kiot\u00f3i mester is, nem v\u00e9letlen\u00fcl aj\u00e1nd\u00e9kozott neki egy k\u00e9tsz\u00e1zhetven \u00e9ves, s mind\u00f6ssze harminck\u00e9t centis t\u00f6lgyfa-bonsai-t. Mindent figyelembe v\u00e9ve, ez volt Sven \u00e9let\u00e9nek legnagyobb aj\u00e1nd\u00e9ka, s gyakran gondolt arra, hogyha sok\u00e1ig \u00e9l, \u00e9s a f\u00e1csk\u00e1t is siker\u00fcl \u00e9letben tartania, t\u00f6bb mint h\u00e1romsz\u00e1z \u00e9ves f\u00e1t hagy az ut\u00f3korra. Nem kell magyar\u00e1zni, milyen megr\u00e1zk\u00f3dtat\u00e1s \u00e9rte, amikor egy t\u00e9li napon, nem sokkal kar\u00e1csony el\u0151tt, haza\u00e9rve a munk\u00e1b\u00f3l, csak az \u00fcres ker\u00e1mi\u00e1kat tal\u00e1lta. A jap\u00e1n t\u00f6lgy nem volt sehol, csak a t\u00f6r\u00f6tt cser\u00e9p hevert a padl\u00f3n. Sven azt hitte, \u00e1lmodik, valami t\u00e9ved\u00e9s lehet ez, semmi m\u00e1s, rossz ajt\u00f3n nyitott be, ez nem az \u0151 lak\u00e1sa, ezek nem az \u0151 cserepei, s innen nem hi\u00e1nyozhatnak az \u0151 f\u00e1i. A t\u00f6bb mint sz\u00e1z fa, melyeknek z\u00f6m\u00e9t maga nevelte: juharok, szilf\u00e1k, geszteny\u00e9k, b\u00fckk\u00f6k, gyerty\u00e1nok, t\u00f6bb mint sz\u00e1z liliputi f\u00e1cska. Ann\u00e1l is ink\u00e1bb val\u00f3sz\u00edn\u0171tlennek t\u0171nt az eg\u00e9sz, mivel el\u0151z\u0151 nap \u00e9rkeztek vissza \u00e9lete els\u0151 ki\u00e1ll\u00edt\u00e1s\u00e1r\u00f3l. Kicsi, jelent\u00e9ktelen helyen mutatta be a f\u00e1it, Lundban, m\u00e9gis sokan csod\u00e1lt\u00e1k meg, m\u00e9g Koppenh\u00e1g\u00e1b\u00f3l is \u00e1tj\u00f6ttek n\u00e9h\u00e1nyan. A ki\u00e1ll\u00edt\u00e1s \u00f3ri\u00e1si kavarod\u00e1st jelentett Sven sz\u00e1m\u00e1ra, \u00e9s f\u00e9lelmet. Csak pillanatokra tudott felold\u00f3dni abban az \u00e9rz\u00e9sben, hogy v\u00e9gre az lehet, aki val\u00f3j\u00e1ban, a bonsai nagymestere, s nem malm\u00f6i hajfodr\u00e1sz. \u00c1h\u00edtattal l\u00e9ptek oda hozz\u00e1 az ismer\u0151sei, a kuncsaftjai, \u00e9s azt mondt\u00e1k:<\/p>\n<p>\u2013 Nah\u00e1t, Sven, nem is hitt\u00fck volna, hogy maga\u2026<\/p>\n<p>\u2013 \u00d3, Sven, ez csod\u00e1latos!<\/p>\n<p>\u2013 Sven, maga igaz\u00e1n j\u00f3 ember.<\/p>\n<p>\u2013 Ugyan, Sven, mit szer\u00e9nykedik? Skandin\u00e1via legszebb f\u00e1csk\u00e1it neveli! Gratul\u00e1lunk, \u00e9s tov\u00e1bbi sikereket!<\/p>\n<p>Szeg\u00e9ny Sven, \u00e9pp csak pillanatokra tudott \u00f6r\u00fclni, ann\u00e1l ink\u00e1bb gy\u00f6t\u00f6rt\u00e9k az agg\u00e1lyai. \u00c1lland\u00f3an a f\u00e1i mellett str\u00e1zs\u00e1lt, de nem az\u00e9rt, hogy fogadhassa a l\u00e1togat\u00f3k gratul\u00e1ci\u00f3it, f\u00fcr\u00f6dhessen kicsit a dics\u0151s\u00e9gben, hanem csak az\u00e9rt, nehogy baj \u00e9rje a f\u00e1it.<\/p>\n<p>Tal\u00e1n \u00e9pp ezt nem tudta elviselni az a n\u0151. Sven agg\u00e1lyoss\u00e1g\u00e1t \u00e9s \u00f6r\u00f6mtelens\u00e9g\u00e9t. Hogy m\u00e9g ilyenkor is csak a f\u00e9lelem, a szorong\u00e1s t\u00f6lti be a fodr\u00e1szt, \u00e9s ez kihozta az \u00f6sszes t\u00f6bbi, el\u0151z\u0151leg felgy\u00fclemlett fesz\u00fclts\u00e9get is. Mert a n\u0151 gy\u0171l\u00f6lte, hogy Sven minden est\u00e9j\u00e9t a f\u00e1csk\u00e1k k\u00f6z\u00f6tt t\u00f6lti, \u00f3r\u00e1kig pepecsel egyetlen \u00e1gacsk\u00e1val, \u00e9s az eg\u00e9sz \u00e9v azzal telik el, hogy a sok ezer lev\u00e9lk\u00e9t egyenk\u00e9nt t\u00f6r\u00f6lgeti meg. Ez\u00e9rt, a ki\u00e1ll\u00edt\u00e1s ut\u00e1n, amikor a f\u00e1csk\u00e1k m\u00e9g a hely\u00fckre sem ker\u00fcltek, Svenen pedig eg\u00e9szen elhatalmasodott a f\u00e1k\u00e9rt val\u00f3 aggodalom, noha elvileg m\u00e1r nem t\u00f6rt\u00e9nhetett semmi baj, az asszony kiborult, kit\u00e9pte a f\u00e1kat a cserepekb\u0151l, \u00e9s a kandall\u00f3ba vetette mindegyiket. Sven nem hitt a szem\u00e9nek.\u00a0 Amikor v\u00e9gre felfogta, hogy mit l\u00e1t val\u00f3j\u00e1ban, \u00e9ppoly higgadt maradt, ak\u00e1rcsak \u00e9vekkel k\u00e9s\u0151bb, a malm\u00f6i szalonban. Felemelte a jap\u00e1n mestert\u0151l kapott s\u00f6t\u00e9tz\u00f6ld ker\u00e1mia legnagyobb darabk\u00e1j\u00e1t, \u00e9s azt k\u00e9rdezte:<\/p>\n<p>\u2013 A kiot\u00f3i t\u00f6lgy hol van?<\/p>\n<p>A n\u0151 h\u00e1tat ford\u00edtott \u00e9s hallgatott.<\/p>\n<p>\u2013 Hallod, mit k\u00e9rdeztem? Hol van a kiot\u00f3i t\u00f6lgy?<\/p>\n<p>A n\u0151 v\u00e1lasz helyett mosogatni kezdett. Sven ism\u00e9t feltette a k\u00e9rd\u00e9st:<\/p>\n<p>\u2013 Hol van a kiot\u00f3i t\u00f6lgy?<\/p>\n<p>\u2013 Ott, ahol a t\u00f6bbi \u2013 v\u00e1laszolta a h\u00e1nyaveti n\u0151, \u00e9s m\u00e9g hozz\u00e1tette:<\/p>\n<p>\u2013 B\u00e1rcsak ott lenn\u00e9l te is.<\/p>\n<p>Sven mindig is f\u00e9lt att\u00f3l, hogy ezt a n\u0151t viszontl\u00e1tja m\u00e9g, \u00e9s mivel h\u00e1rom \u00e9vig a feles\u00e9ge volt, a malm\u00f6i szalonban t\u00f6rt\u00e9ntek sz\u00e1nd\u00e9koss\u00e1g\u00e1t senki sem k\u00e9rd\u0151jelezte meg. Maga Sven sem, noha j\u00f3l tudta, hogy a hajsz\u00e1r\u00edt\u00f3 zsin\u00f3rj\u00e1ban botlott el, abban a zsin\u00f3rban, amit Knudsen, a koll\u00e9g\u00e1ja alig k\u00e9t perccel kor\u00e1bban h\u00fazott keresztbe. Sven hamarosan od\u00e9bb is rakja Knudsen helyett, ha meg nem dermeszti, hogy hajdani feles\u00e9ge l\u00e9p be, egyenesen a sz\u00e9k\u00e9be ereszkedik, \u00e9s mel\u00edroz\u00e1st k\u00e9r. Szeg\u00e9ny Sven, mindig is tudta: ha tal\u00e1lkoznak, baj t\u00f6rt\u00e9nhet. De azt \u00e1lm\u00e1ban se hitte volna, hogy fegyh\u00e1zban k\u00f6t ki, s \u00e9lete utols\u00f3 eredm\u00e9nyek\u00e9nt, h\u00e9t \u00e9v ut\u00e1n, j\u00f3 magaviselet\u00e9nek fej\u00e9ben, egyetlen bonsai-t nevelhet a cella sark\u00e1ban, m\u00edg \u00e9jente azon gondolkodik, ami a t\u00e1rgyal\u00e1son perd\u00f6nt\u0151nek bizonyult. Azon a k\u00e9rd\u00e9sen, hogyha egyszer nem volt sz\u00e1nd\u00e9koss\u00e1g, mi\u00e9rt volt z\u00e1rva az oll\u00f3?<\/p>\n<hr \/>\n<p style=\"text-align: right;\"><strong>K\u00e9rlek, oszd meg m\u00e1sokkal is! K\u00f6sz\u00f6n\u00f6m.<\/strong><\/p>\n<p><a href=\"https:\/\/centauriweb.hu\/darksite\/home\/van-gogh-1\/\" rel=\"attachment wp-att-420\"><img decoding=\"async\" loading=\"lazy\" class=\"aligncenter wp-image-420 size-full\" src=\"https:\/\/centauriweb.hu\/darksite\/wp-content\/uploads\/2020\/04\/van-gogh-1.gif\" alt=\"\" width=\"818\" height=\"584\" \/><\/a><\/p>\n<p><em>J\u00d6N: New Yorkban a legkev\u00e9sb\u00e9 sem t\u0171nik fel, ha a ny\u00edlt utc\u00e1n lel\u0151nek vagy elrabolnak, de akadt egy ember, aki m\u00e1r \u00e9let\u00e9ben \u2013 p\u00e1r perccel az \u00e9rkez\u00e9se ut\u00e1n \u2013 nehezen le\u00edrhat\u00f3 felt\u0171n\u00e9st keltett. New Yorkba, vagy m\u00e1s hasonl\u00f3 nagyv\u00e1rosokba, mint amilyen Los Angeles is, ezr\u00e9vel \u00e9rkeznek emberek abban a rem\u00e9nyben, hogy valamik\u00e9nt majd felt\u0171n\u00e9st keltenek; \u00e9s ezr\u00e9vel csal\u00f3dnak, amikor r\u00e1j\u00f6nnek: felt\u0171nni, kit\u0171nni \u00e9pp ezekben a v\u00e1rosokban a legnehezebb. Ott, ahol minden utcasarkon sz\u00e1z\u00e1val fordulnak be extr\u00e9m, sosem l\u00e1tott emberek, sosem l\u00e1tott ruh\u00e1kban \u00e9s frizur\u00e1kkal, sosem l\u00e1tott elk\u00e9pzel\u00e9sekkel, sosem l\u00e1tott amb\u00edci\u00f3kkal, ott szinte lehetetlen felt\u0171nni.<\/em><\/p>\n","protected":false},"excerpt":{"rendered":"<p>De az \u00e9let m\u00e1r csak ilyen, nem a d\u00e1nokkal babr\u00e1l ki, hanem mindig a sv\u00e9dekkel. A sv\u00e9dek k\u00f6z\u00fcl is csak a malm\u00f6iekkel, a malm\u00f6iek k\u00f6z\u00fcl is csak az apr\u00f3 szalonok&#8230;<span class=\"more-link\"><a href=\"https:\/\/centauriweb.hu\/darksite\/gyilkossag-vagy-baleset\/\">Tov\u00e1bb<\/a><\/span><\/p>\n","protected":false},"author":3,"featured_media":18031,"comment_status":"open","ping_status":"closed","sticky":false,"template":"","format":"standard","meta":[],"categories":[85,74,92,139],"tags":[164,49,165,16,166,64],"yoast_head":"<!-- This site is optimized with the Yoast SEO plugin v14.0.4 - https:\/\/yoast.com\/wordpress\/plugins\/seo\/ -->\n<title>Gyilkoss\u00e1g vagy baleset? - Darksite | Cenweb<\/title>\n<meta name=\"description\" content=\"De az \u00e9let m\u00e1r csak ilyen, nem a d\u00e1nokkal babr\u00e1l ki, hanem mindig a sv\u00e9dekkel. A sv\u00e9dek k\u00f6z\u00fcl is csak a malm\u00f6iekkel, a malm\u00f6iek k\u00f6z\u00fcl is csak az apr\u00f3\" \/>\n<meta name=\"robots\" content=\"index, follow\" \/>\n<meta name=\"googlebot\" content=\"index, follow, max-snippet:-1, max-image-preview:large, max-video-preview:-1\" \/>\n<meta name=\"bingbot\" content=\"index, follow, max-snippet:-1, max-image-preview:large, max-video-preview:-1\" \/>\n<link rel=\"canonical\" href=\"https:\/\/centauriweb.hu\/darksite\/gyilkossag-vagy-baleset\/\" \/>\n<meta property=\"og:locale\" content=\"hu_HU\" \/>\n<meta property=\"og:type\" content=\"article\" \/>\n<meta property=\"og:title\" content=\"Gyilkoss\u00e1g vagy baleset? - Darksite | Cenweb\" \/>\n<meta property=\"og:description\" content=\"De az \u00e9let m\u00e1r csak ilyen, nem a d\u00e1nokkal babr\u00e1l ki, hanem mindig a sv\u00e9dekkel. A sv\u00e9dek k\u00f6z\u00fcl is csak a malm\u00f6iekkel, a malm\u00f6iek k\u00f6z\u00fcl is csak az apr\u00f3\" \/>\n<meta property=\"og:url\" content=\"https:\/\/centauriweb.hu\/darksite\/gyilkossag-vagy-baleset\/\" \/>\n<meta property=\"og:site_name\" content=\"Darksite | Cenweb\" \/>\n<meta property=\"article:published_time\" content=\"2020-04-25T02:33:28+00:00\" \/>\n<meta property=\"article:modified_time\" content=\"2023-02-20T22:52:50+00:00\" \/>\n<meta property=\"og:image\" content=\"https:\/\/centauriweb.hu\/darksite\/wp-content\/uploads\/2020\/04\/ollo-es-cella-gyilkossag-vagy-baleset.jpg\" \/>\n\t<meta property=\"og:image:width\" content=\"580\" \/>\n\t<meta property=\"og:image:height\" content=\"386\" \/>\n<meta name=\"twitter:card\" content=\"summary_large_image\" \/>\n<script type=\"application\/ld+json\" class=\"yoast-schema-graph\">{\"@context\":\"https:\/\/schema.org\",\"@graph\":[{\"@type\":\"WebSite\",\"@id\":\"https:\/\/centauriweb.hu\/darksite\/#website\",\"url\":\"https:\/\/centauriweb.hu\/darksite\/\",\"name\":\"Darksite | Cenweb\",\"description\":\"\\ud83d\\udd78 Cenweb\",\"potentialAction\":[{\"@type\":\"SearchAction\",\"target\":\"https:\/\/centauriweb.hu\/darksite\/?s={search_term_string}\",\"query-input\":\"required name=search_term_string\"}],\"inLanguage\":\"hu\"},{\"@type\":\"ImageObject\",\"@id\":\"https:\/\/centauriweb.hu\/darksite\/gyilkossag-vagy-baleset\/#primaryimage\",\"inLanguage\":\"hu\",\"url\":\"https:\/\/centauriweb.hu\/darksite\/wp-content\/uploads\/2020\/04\/ollo-es-cella-gyilkossag-vagy-baleset.jpg\",\"width\":580,\"height\":386},{\"@type\":\"WebPage\",\"@id\":\"https:\/\/centauriweb.hu\/darksite\/gyilkossag-vagy-baleset\/#webpage\",\"url\":\"https:\/\/centauriweb.hu\/darksite\/gyilkossag-vagy-baleset\/\",\"name\":\"Gyilkoss\\u00e1g vagy baleset? - Darksite | Cenweb\",\"isPartOf\":{\"@id\":\"https:\/\/centauriweb.hu\/darksite\/#website\"},\"primaryImageOfPage\":{\"@id\":\"https:\/\/centauriweb.hu\/darksite\/gyilkossag-vagy-baleset\/#primaryimage\"},\"datePublished\":\"2020-04-25T02:33:28+00:00\",\"dateModified\":\"2023-02-20T22:52:50+00:00\",\"author\":{\"@id\":\"https:\/\/centauriweb.hu\/darksite\/#\/schema\/person\/d48d90ae41f5347df7561551d106cd46\"},\"description\":\"De az \\u00e9let m\\u00e1r csak ilyen, nem a d\\u00e1nokkal babr\\u00e1l ki, hanem mindig a sv\\u00e9dekkel. A sv\\u00e9dek k\\u00f6z\\u00fcl is csak a malm\\u00f6iekkel, a malm\\u00f6iek k\\u00f6z\\u00fcl is csak az apr\\u00f3\",\"inLanguage\":\"hu\",\"potentialAction\":[{\"@type\":\"ReadAction\",\"target\":[\"https:\/\/centauriweb.hu\/darksite\/gyilkossag-vagy-baleset\/\"]}]},{\"@type\":[\"Person\"],\"@id\":\"https:\/\/centauriweb.hu\/darksite\/#\/schema\/person\/d48d90ae41f5347df7561551d106cd46\",\"name\":\"Centauri\",\"image\":{\"@type\":\"ImageObject\",\"@id\":\"https:\/\/centauriweb.hu\/darksite\/#personlogo\",\"inLanguage\":\"hu\",\"url\":\"https:\/\/secure.gravatar.com\/avatar\/2d3228ee88e63756fb9b30f372299516?s=96&d=mm&r=g\",\"caption\":\"Centauri\"}}]}<\/script>\n<!-- \/ Yoast SEO plugin. -->","_links":{"self":[{"href":"https:\/\/centauriweb.hu\/darksite\/wp-json\/wp\/v2\/posts\/313"}],"collection":[{"href":"https:\/\/centauriweb.hu\/darksite\/wp-json\/wp\/v2\/posts"}],"about":[{"href":"https:\/\/centauriweb.hu\/darksite\/wp-json\/wp\/v2\/types\/post"}],"author":[{"embeddable":true,"href":"https:\/\/centauriweb.hu\/darksite\/wp-json\/wp\/v2\/users\/3"}],"replies":[{"embeddable":true,"href":"https:\/\/centauriweb.hu\/darksite\/wp-json\/wp\/v2\/comments?post=313"}],"version-history":[{"count":11,"href":"https:\/\/centauriweb.hu\/darksite\/wp-json\/wp\/v2\/posts\/313\/revisions"}],"predecessor-version":[{"id":18035,"href":"https:\/\/centauriweb.hu\/darksite\/wp-json\/wp\/v2\/posts\/313\/revisions\/18035"}],"wp:featuredmedia":[{"embeddable":true,"href":"https:\/\/centauriweb.hu\/darksite\/wp-json\/wp\/v2\/media\/18031"}],"wp:attachment":[{"href":"https:\/\/centauriweb.hu\/darksite\/wp-json\/wp\/v2\/media?parent=313"}],"wp:term":[{"taxonomy":"category","embeddable":true,"href":"https:\/\/centauriweb.hu\/darksite\/wp-json\/wp\/v2\/categories?post=313"},{"taxonomy":"post_tag","embeddable":true,"href":"https:\/\/centauriweb.hu\/darksite\/wp-json\/wp\/v2\/tags?post=313"}],"curies":[{"name":"wp","href":"https:\/\/api.w.org\/{rel}","templated":true}]}}